{"id":38627,"date":"2025-08-29T09:02:55","date_gmt":"2025-08-29T07:02:55","guid":{"rendered":"https:\/\/axkid.com\/de\/?p=38627"},"modified":"2025-08-29T10:44:37","modified_gmt":"2025-08-29T08:44:37","slug":"neues-schuljahr-neuer-kindersitz","status":"publish","type":"post","link":"https:\/\/axkid.com\/de\/axkid-news\/neues-schuljahr-neuer-kindersitz\/","title":{"rendered":"Neues Schuljahr, neuer Kindersitz?"},"content":{"rendered":"\n<p><em>Ein neues Kindergarten- und Schuljahr hat begonnen, und dein Kind f\u00fchlt sich vielleicht gar nicht mehr so klein. Wichtig f\u00fcr dich ist nat\u00fcrlich, dass es deinem Kind immer gut geht, und es sicher ist. Wir empfehlen dir deshalb, dein Kind so lange wie m\u00f6glich r\u00fcckw\u00e4rts im Auto fahren zu lassen. <\/em><\/p>\n\n\n\n<p><em>Und warum? Ganz einfach: R\u00fcckw\u00e4rts ist die absolut sicherste Art zu reisen<\/em>.<\/p>\n\n\n\n<p>Zur\u00fcck in den Kindergarten oder in die Schule \u2013 und dein Kind w\u00e4chst weiter.&nbsp;Damit stellt sich eine wichtige Frage: Ist dein Kind im richtigen Kindersitz \u2013 passend zu Alter, Gr\u00f6\u00dfe und Gewicht?<\/p>\n\n\n\n<p>Je nachdem, wie alt dein Kind ist, beginnen seine Freunde vielleicht schon vorw\u00e4rtszufahren. Das muss aber nicht bedeuten, dass dein Kind schon gro\u00df genug ist, um das Gleiche zu tun. Bevor du dein Kind in einen vorw\u00e4rtsgerichteten Sitz setzt, solltest du folgende Punkte beachten:<\/p>\n\n\n\n<ul class=\"wp-block-list\">\n<li>Der Kopf eines Kindes ist im Verh\u00e4ltnis zum K\u00f6rper deutlich schwerer als bei Erwachsenen.<\/li>\n\n\n\n<li>Gleichzeitig ist der Hals noch nicht vollst\u00e4ndig entwickelt und deshalb besonders verletzungsanf\u00e4llig.<\/li>\n\n\n\n<li>Im Falle eines Unfalls wirken die Kr\u00e4fte auf den Nacken eines vorw\u00e4rtsgerichteten Kindes bis zu f\u00fcnfmal st\u00e4rker.<\/li>\n<\/ul>\n\n\n\n<figure class=\"wp-block-image size-full\"><img decoding=\"async\" src=\"https:\/\/axkid.com\/app\/uploads\/Back-to-school_image_rear-facing_1.png\" alt=\"back to school image rear facing 1\" class=\"wp-image-851179\" \/><\/figure>\n\n\n\n<h3 class=\"wp-block-heading\"><strong>Safety first<\/strong><\/h3>\n\n\n\n<p>Wir bei Axkid k\u00f6nnen nicht oft genug betonen, wie wichtig es ist, Kinder so lange wie m\u00f6glich r\u00fcckw\u00e4rtsfahren zu lassen. Denn jedes zus\u00e4tzliche Jahr im Reboarder bedeutet mehr Schutz und mehr Sicherheit. F\u00fcr uns ist klar: Safety first. Deshalb empfehlen wir, dass Kinder bis zu einem Alter von 6\u20137 Jahren r\u00fcckw\u00e4rtsgerichtet reisen.<\/p>\n\n\n\n<p>Reboarder, in denen dein Kind bis zum Alter von 6-7Jahren r\u00fcckw\u00e4rtsfahren kann:<\/p>\n\n\n\n<ul class=\"wp-block-list\">\n<li><strong><a href=\"http:\/\/axkid.com\/de\/product\/minikid-4-max\">Axkid Minikid 4 Max <\/a><\/strong><\/li>\n\n\n\n<li><strong><a href=\"http:\/\/axkid.com\/de\/product\/minikid-4-pro\">Axkid Minikid 4 Pro<\/a><\/strong><\/li>\n\n\n\n<li><strong><a href=\"http:\/\/Axkid.com\/de\/product\/one-3\">Axkid One 3<\/a><\/strong><\/li>\n\n\n\n<li><strong><a href=\"http:\/\/axkid.com\/de\/product\/one-plus-3\">Axkid One+ 3<\/a><\/strong><\/li>\n<\/ul>\n\n\n\n<p>Auch wenn r\u00fcckw\u00e4rtsgerichtetes Fahren die sicherste Wahl f\u00fcr kleine Kinder ist, kommt irgendwann der Moment, an dem Familien sich fragen:&nbsp;<strong>\u201eIst es Zeit f\u00fcr den n\u00e4chsten Kindersitz?\u201c<\/strong><\/p>\n\n\n\n<figure class=\"wp-block-image size-full\"><img decoding=\"async\" src=\"https:\/\/axkid.com\/app\/uploads\/Back-to-school_Blogpost-image.png\" alt=\"back to school blogpost image\" class=\"wp-image-851175\" \/><\/figure>\n\n\n\n<h3 class=\"wp-block-heading\"><strong>Wann ist der richtige Zeitpunkt, dein Kind vorw\u00e4rtsfahren zu lassen?<\/strong>&nbsp;<\/h3>\n\n\n\n<p>Der Wechsel vom r\u00fcckw\u00e4rts- zum vorw\u00e4rtsgerichteten Fahren h\u00e4ngt immer vom einzelnen Kind ab. Wir empfehlen, Kinder so lange wie m\u00f6glich r\u00fcckw\u00e4rts fahren zu lassen \u2013 idealerweise bis zu einem Alter von 6\u20137 Jahren oder bis eine K\u00f6rpergr\u00f6\u00dfe von 125 cm erreicht ist. <\/p>\n\n\n\n<p>Erst wenn dein Kind aus dem r\u00fcckw\u00e4rtsgerichteten Sitz herausgewachsen ist, sollte es in einen vorw\u00e4rtsgerichteten Folgesitz wechseln.<\/p>\n\n\n\n<p><a href=\"https:\/\/axkid.com\/de\/forschung-innovation\/wann-ist-mein-kind-bereit-fuer-einen-folgesitz\/\"><strong>Erfahre mehr<\/strong><\/a><\/p>\n\n\n\n<p><\/p>\n","protected":false},"excerpt":{"rendered":"<p>Ein neues Kindergarten- und Schuljahr hat begonnen, und dein Kind f\u00fchlt sich vielleicht gar nicht mehr so klein. Wichtig f\u00fcr&#8230; <\/br><a class=\"read-more text-decoration-none\" href=\"https:\/\/axkid.com\/de\/axkid-news\/neues-schuljahr-neuer-kindersitz\/\">Lies den ganzen Artikel<\/a><\/p>\n","protected":false},"author":822,"featured_media":3700000851172,"comment_status":"open","ping_status":"open","sticky":false,"template":"","format":"standard","meta":{"_acf_changed":false,"_seopress_robots_primary_cat":"none","_seopress_titles_title":"","_seopress_titles_desc":"","_seopress_robots_index":"","content-type":"","_relevanssi_hide_post":"","_relevanssi_hide_content":"","_relevanssi_pin_for_all":"","_relevanssi_pin_keywords":"","_relevanssi_unpin_keywords":"","_relevanssi_related_keywords":"","_relevanssi_related_include_ids":"","_relevanssi_related_exclude_ids":"","_relevanssi_related_no_append":"","_relevanssi_related_not_related":"","_relevanssi_related_posts":"21662,21680,21659,21673,25892,21684","_relevanssi_noindex_reason":"","editor_notices":[],"_jetpack_memberships_contains_paid_content":false,"footnotes":""},"categories":[421],"tags":[],"class_list":["post-38627","post","type-post","status-publish","format-standard","has-post-thumbnail","hentry","category-axkid-news"],"acf":[],"jetpack_featured_media_url":"https:\/\/axkid.com\/app\/uploads\/Blogpost-Header_Back-to-school_1920x544.png","jetpack_sharing_enabled":true,"_links":{"self":[{"href":"https:\/\/axkid.com\/de\/wp-json\/wp\/v2\/posts\/38627","targetHints":{"allow":["GET"]}}],"collection":[{"href":"https:\/\/axkid.com\/de\/wp-json\/wp\/v2\/posts"}],"about":[{"href":"https:\/\/axkid.com\/de\/wp-json\/wp\/v2\/types\/post"}],"author":[{"embeddable":true,"href":"https:\/\/axkid.com\/de\/wp-json\/wp\/v2\/users\/822"}],"replies":[{"embeddable":true,"href":"https:\/\/axkid.com\/de\/wp-json\/wp\/v2\/comments?post=38627"}],"version-history":[{"count":10,"href":"https:\/\/axkid.com\/de\/wp-json\/wp\/v2\/posts\/38627\/revisions"}],"predecessor-version":[{"id":38656,"href":"https:\/\/axkid.com\/de\/wp-json\/wp\/v2\/posts\/38627\/revisions\/38656"}],"wp:featuredmedia":[{"embeddable":true,"href":"https:\/\/axkid.com\/de\/wp-json\/"}],"wp:attachment":[{"href":"https:\/\/axkid.com\/de\/wp-json\/wp\/v2\/media?parent=38627"}],"wp:term":[{"taxonomy":"category","embeddable":true,"href":"https:\/\/axkid.com\/de\/wp-json\/wp\/v2\/categories?post=38627"},{"taxonomy":"post_tag","embeddable":true,"href":"https:\/\/axkid.com\/de\/wp-json\/wp\/v2\/tags?post=38627"}],"curies":[{"name":"wp","href":"https:\/\/api.w.org\/{rel}","templated":true}]}}