{"id":431,"count":6,"description":"Torne a viagem do seu filho segura e agrad\u00e1vel com as nossas cadeiras auto para crian\u00e7as. Concebidas para crian\u00e7as com idades compreendidas entre um e sete anos, as nossas cadeiras proporcionam flexibilidade e tranquilidade aos pais em viagem.","link":"https:\/\/axkid.com\/pt\/todas-as-cadeiras-auto\/crianca-pequena\/","name":"Crian\u00e7a pequena","slug":"crianca-pequena","taxonomy":"product_cat","parent":18,"meta":[],"menu_order":11,"acf":[],"_links":{"self":[{"href":"https:\/\/axkid.com\/pt\/wp-json\/wp\/v2\/product_cat\/431","targetHints":{"allow":["GET"]}}],"collection":[{"href":"https:\/\/axkid.com\/pt\/wp-json\/wp\/v2\/product_cat"}],"about":[{"href":"https:\/\/axkid.com\/pt\/wp-json\/wp\/v2\/taxonomies\/product_cat"}],"up":[{"embeddable":true,"href":"https:\/\/axkid.com\/pt\/wp-json\/wp\/v2\/product_cat\/18"}],"wp:post_type":[{"href":"https:\/\/axkid.com\/pt\/wp-json\/wp\/v2\/product?product_cat=431"}],"curies":[{"name":"wp","href":"https:\/\/api.w.org\/{rel}","templated":true}]}}